{"id":781,"date":"2018-10-18T17:48:20","date_gmt":"2018-10-18T17:48:20","guid":{"rendered":"https:\/\/tnlogistica.com\/un-anno-nella-nuova-sede-il-presente-di-tn-logistica-sk\/"},"modified":"2018-10-18T17:48:20","modified_gmt":"2018-10-18T17:48:20","slug":"un-anno-nella-nuova-sede-il-presente-di-tn-logistica-sk","status":"publish","type":"post","link":"https:\/\/tnlogistica.com\/sk\/un-anno-nella-nuova-sede-il-presente-di-tn-logistica-sk\/","title":{"rendered":"Rok v novom s\u00eddle. S\u00fa\u010dasnos\u0165 v TN Logistica SK."},"content":{"rendered":"<p>Poveda\u0165 \u201ejeden rok\u201c je ve\u013emi \u013eahk\u00e9.<\/p>\n<p>21. okt\u00f3bra 2017 pri\u0161la kompletn\u00e1 rodina Torello a\u00a0person\u00e1l zamestnan\u00fd v\u00a0pobo\u010dk\u00e1ch v\u00a0r\u00f4znych mest\u00e1ch do Senca, aby osl\u00e1vili ofici\u00e1lny presun spolo\u010dnosti TN Logistika SK do nov\u00e9ho s\u00eddla.<\/p>\n<p>Mohli by sme poveda\u0165, \u017ee sa zd\u00e1, akoby to bolo v\u010dera, ale je to u\u017e rok, \u010do sa, pri pr\u00edle\u017eitosti 10. v\u00fdro\u010dia, TN Logistica SK pres\u0165ahovala do centra v\u00a0Senci, kde sa nach\u00e1dzaj\u00fa niektor\u00e9 najinovat\u00edvnej\u0161ie budovy slovensk\u00e9ho mesta. T\u00e1to oblas\u0165, ktor\u00e1 je dobre vybaven\u00e1 cestnou infra\u0161trukt\u00farou a prakticky sused\u00ed s\u00a0medzin\u00e1rodn\u00fdm letiskom v\u00a0Bratislave,\u00a0<b>pon\u00faka prostredie pre poskytovanie riadnych slu\u017eieb v\u00a0r\u00e1mci aktiv\u00edt spolo\u010dnosti TN Logistica SK.<\/b><\/p>\n<p>T\u00e1to spolo\u010dnos\u0165 reagovala na potrebu umiestni\u0165 svoje s\u00eddlo do oblasti, ktor\u00e1 je \u013eahko dostupn\u00e1 z\u00a0dia\u013enice, v bl\u00edzkosti\u00a0najd\u00f4le\u017eitej\u0161\u00edch trhov strednej a\u00a0v\u00fdchodnej Eur\u00f3py.<\/p>\n<p>Presun bol r\u00fdchly,\u00a0dobre zvl\u00e1dnut\u00fd a\u00a0takisto sme spokojn\u00ed so za\u010diatkom aktiv\u00edt. Ale za\u00a0<b>organiz\u00e1ciou, ktor\u00e1 bola schopn\u00e1 harmonicky sa integrova\u0165 v\u00a0novom prostred\u00ed s\u00fa \u013eudia, ktor\u00ed od za\u010diatku zohrali k\u013e\u00fa\u010dov\u00fa \u00falohu.<\/b><\/p>\n<p><b>Roman Marcinka\u00a0<\/b>\u2013 Import\/Export Manager<b>\u00a0\u2013\u00a0<\/b>pred ned\u00e1vnom osl\u00e1vil 9 rokov v spolo\u010dnosti\u00a0TN Logistica SK (je v\u00a0spolo\u010dnosti prakticky od za\u010diatku). Spolu s\u00a0<b>Roccom Loriom\u00a0<\/b>\u2013 Executive Manager \u2013 bol rozhoduj\u00facim \u010dl\u00e1nkom r\u00fdchleho a\u00a0efekt\u00edvneho rastu spolo\u010dnosti TN Logistica SK. Roman po\u010das t\u00fdchto rokov uk\u00e1zal, \u017ee je \u010dlovekom, s\u00a0ktor\u00fdm sa daj\u00fa pl\u00e1nova\u0165 dlhodob\u00e9 vz\u0165ahy. Spo\u013eahliv\u00fd a\u00a0cenn\u00fd \u010dlen t\u00edmu, spojenec, ktor\u00fd sa, v\u010faka priamej znalosti miestnych pomerov, v\u00a0tomto priestore pohybuje isto a\u00a0nen\u00fatene. Hne\u010f od za\u010diatku sa vytvorila perfektn\u00e1 s\u00fahra a\u00a0vz\u0165ah s\u00a0mestom sa posilnil.<\/p>\n<p>Prv\u00fd rok v\u00a0novom s\u00eddle znamenal prij\u00edmanie nov\u00fdch profesi\u00ed, aby sa podporil tento rozvoj a\u00a0konsolid\u00e1cia spolupr\u00e1ce. Kvantita realizovan\u00fdch invest\u00edci\u00ed a\u00a0t\u00fdch, ktor\u00e9 sa e\u0161te st\u00e1le realizuj\u00fa, ako aj kvalita slu\u017eieb v\u00a0spojen\u00ed s\u00a0miestnym priemyslom vytv\u00e1raj\u00fa podmienky pre kreovanie konkurencieschopn\u00e9ho postavenia.<\/p>\n<p>Bolo to tak v\u017edy a od za\u010diatku. Pl\u00e1novanie infra\u0161trukt\u00far, rozvoj v\u00a0danom teritori\u00e1lnom priestore, pozornos\u0165 vo\u010di aspektom \u017eivotn\u00e9ho prostredia a aspektom\u00a0politiky prepravy, rozvoj profesion\u00e1lneho a\u00a0\u013eudsk\u00e9ho rozmeru. To s\u00fa nevyhnutn\u00e9 prvky, ktor\u00e9 podporuj\u00fa rast cel\u00e9ho sektora na teraz u\u017e z\u00e1kladnom trhu, ktor\u00fd pos\u00fava ru\u010di\u010dku v\u00e1hy smerom k\u00a0V\u00fdchodu. Toto sa dialo u\u017e pred 11 rokmi, ke\u010f Skupina Torello odpovedala na otvorenie sa vo\u010di nov\u00fdm trhom prostredn\u00edctvom spolo\u010dnosti TN Logistica SK. Prezieravos\u0165 zaznamen\u00e1va, \u017ee v\u00a0Bratislave sa uskuto\u010dnila z\u00e1kladn\u00e1 etapa.<\/p>\n","protected":false},"excerpt":{"rendered":"<p>Poveda\u0165 \u201ejeden rok\u201c je ve\u013emi \u013eahk\u00e9. 21. okt\u00f3bra 2017 pri\u0161la kompletn\u00e1 rodina Torello a\u00a0person\u00e1l zamestnan\u00fd v\u00a0pobo\u010dk\u00e1ch v\u00a0r\u00f4znych mest\u00e1ch do Senca, aby osl\u00e1vili ofici\u00e1lny presun spolo\u010dnosti TN Logistika SK do nov\u00e9ho s\u00eddla. Mohli by sme poveda\u0165, \u017ee sa zd\u00e1, akoby to bolo v\u010dera, ale je to u\u017e rok, \u010do sa, pri pr\u00edle\u017eitosti 10. v\u00fdro\u010dia, TN Logistica [&hellip;]<\/p>\n","protected":false},"author":1,"featured_media":503,"comment_status":"open","ping_status":"open","sticky":false,"template":"","format":"standard","meta":{"_et_pb_use_builder":"","_et_pb_old_content":"","_et_gb_content_width":"","footnotes":""},"categories":[3],"tags":[],"class_list":["post-781","post","type-post","status-publish","format-standard","has-post-thumbnail","hentry","category-news"],"_links":{"self":[{"href":"https:\/\/tnlogistica.com\/sk\/wp-json\/wp\/v2\/posts\/781","targetHints":{"allow":["GET"]}}],"collection":[{"href":"https:\/\/tnlogistica.com\/sk\/wp-json\/wp\/v2\/posts"}],"about":[{"href":"https:\/\/tnlogistica.com\/sk\/wp-json\/wp\/v2\/types\/post"}],"author":[{"embeddable":true,"href":"https:\/\/tnlogistica.com\/sk\/wp-json\/wp\/v2\/users\/1"}],"replies":[{"embeddable":true,"href":"https:\/\/tnlogistica.com\/sk\/wp-json\/wp\/v2\/comments?post=781"}],"version-history":[{"count":0,"href":"https:\/\/tnlogistica.com\/sk\/wp-json\/wp\/v2\/posts\/781\/revisions"}],"wp:featuredmedia":[{"embeddable":true,"href":"https:\/\/tnlogistica.com\/sk\/wp-json\/wp\/v2\/media\/503"}],"wp:attachment":[{"href":"https:\/\/tnlogistica.com\/sk\/wp-json\/wp\/v2\/media?parent=781"}],"wp:term":[{"taxonomy":"category","embeddable":true,"href":"https:\/\/tnlogistica.com\/sk\/wp-json\/wp\/v2\/categories?post=781"},{"taxonomy":"post_tag","embeddable":true,"href":"https:\/\/tnlogistica.com\/sk\/wp-json\/wp\/v2\/tags?post=781"}],"curies":[{"name":"wp","href":"https:\/\/api.w.org\/{rel}","templated":true}]}}