{"id":777,"date":"2017-12-01T18:30:51","date_gmt":"2017-12-01T18:30:51","guid":{"rendered":"https:\/\/tnlogistica.com\/prima-nevicata-a-senec-attivate-tutte-le-misure-necessarie-per-viaggiare-in-sicurezza\/"},"modified":"2017-12-01T18:30:51","modified_gmt":"2017-12-01T18:30:51","slug":"prima-nevicata-a-senec-attivate-tutte-le-misure-necessarie-per-viaggiare-in-sicurezza","status":"publish","type":"post","link":"https:\/\/tnlogistica.com\/sk\/prima-nevicata-a-senec-attivate-tutte-le-misure-necessarie-per-viaggiare-in-sicurezza\/","title":{"rendered":"Prv\u00e9 sne\u017eenie v Senci. Aktivovanie v\u0161etk\u00fdch opatren\u00ed potrebn\u00fdch pre bezpe\u010dn\u00fa jazdu"},"content":{"rendered":"<p>Dnes r\u00e1no v Senci po prv\u00fd raz v tomto roku nasne\u017eilo!<br \/>\nHust\u00e9 sne\u017eenie za\u010dalo u\u017e v noci a pokrylo bielou perinou cel\u00fa okolit\u00fa krajinu.<br \/>\nPrv\u00e9 sne\u017eenie je v\u017edy sprev\u00e1dzan\u00e9 istou magickou atmosf\u00e9rou. Tento raz prich\u00e1dza po p\u00e1r t\u00fd\u017ed\u0148och od pres\u0165ahovania spolo\u010dnosti do nov\u00e9ho s\u00eddla v Senci.<br \/>\nAktivovali sme v\u0161etky opatrenia potrebn\u00e9 pre\u00a0<strong>zabezpe\u010denie najlep\u0161\u00edch bezpe\u010dnostn\u00fdch podmienok pre jazdu<\/strong>\u00a0tak, aby sme boli v\u017edy vpredu. Nateraz zverej\u0148ujeme kr\u00e1snu, \u00fa\u017easn\u00fa scen\u00e9riu, ak\u00fa poskytuje poh\u013ead z kancel\u00e1rie na okolit\u00fa krajinu, ktor\u00e1 sa pripravuje na Viano\u010dn\u00e9 sviatky.<\/p>\n<p><img loading=\"lazy\" decoding=\"async\" class=\"alignnone size-full wp-image-6859\" src=\"https:\/\/tnlogistica.com\/wp-content\/uploads\/2020\/03\/tn-logistica-sk-snow-senec.jpg\" alt=\"\" width=\"1200\" height=\"960\" \/><\/p>\n<p><img loading=\"lazy\" decoding=\"async\" class=\"alignnone size-full wp-image-6860\" src=\"https:\/\/tnlogistica.com\/wp-content\/uploads\/2020\/03\/tn-logistica-sk-snow-senec-3.jpg\" alt=\"\" width=\"1200\" height=\"960\" \/><\/p>\n","protected":false},"excerpt":{"rendered":"<p>Dnes r\u00e1no v Senci po prv\u00fd raz v tomto roku nasne\u017eilo! Hust\u00e9 sne\u017eenie za\u010dalo u\u017e v noci a pokrylo bielou perinou cel\u00fa okolit\u00fa krajinu. Prv\u00e9 sne\u017eenie je v\u017edy sprev\u00e1dzan\u00e9 istou magickou atmosf\u00e9rou. Tento raz prich\u00e1dza po p\u00e1r t\u00fd\u017ed\u0148och od pres\u0165ahovania spolo\u010dnosti do nov\u00e9ho s\u00eddla v Senci. Aktivovali sme v\u0161etky opatrenia potrebn\u00e9 pre\u00a0zabezpe\u010denie najlep\u0161\u00edch bezpe\u010dnostn\u00fdch podmienok [&hellip;]<\/p>\n","protected":false},"author":1,"featured_media":464,"comment_status":"open","ping_status":"open","sticky":false,"template":"","format":"standard","meta":{"_et_pb_use_builder":"","_et_pb_old_content":"","_et_gb_content_width":"","footnotes":""},"categories":[3,39],"tags":[],"class_list":["post-777","post","type-post","status-publish","format-standard","has-post-thumbnail","hentry","category-news","category-news-sk"],"_links":{"self":[{"href":"https:\/\/tnlogistica.com\/sk\/wp-json\/wp\/v2\/posts\/777","targetHints":{"allow":["GET"]}}],"collection":[{"href":"https:\/\/tnlogistica.com\/sk\/wp-json\/wp\/v2\/posts"}],"about":[{"href":"https:\/\/tnlogistica.com\/sk\/wp-json\/wp\/v2\/types\/post"}],"author":[{"embeddable":true,"href":"https:\/\/tnlogistica.com\/sk\/wp-json\/wp\/v2\/users\/1"}],"replies":[{"embeddable":true,"href":"https:\/\/tnlogistica.com\/sk\/wp-json\/wp\/v2\/comments?post=777"}],"version-history":[{"count":0,"href":"https:\/\/tnlogistica.com\/sk\/wp-json\/wp\/v2\/posts\/777\/revisions"}],"wp:featuredmedia":[{"embeddable":true,"href":"https:\/\/tnlogistica.com\/sk\/wp-json\/wp\/v2\/media\/464"}],"wp:attachment":[{"href":"https:\/\/tnlogistica.com\/sk\/wp-json\/wp\/v2\/media?parent=777"}],"wp:term":[{"taxonomy":"category","embeddable":true,"href":"https:\/\/tnlogistica.com\/sk\/wp-json\/wp\/v2\/categories?post=777"},{"taxonomy":"post_tag","embeddable":true,"href":"https:\/\/tnlogistica.com\/sk\/wp-json\/wp\/v2\/tags?post=777"}],"curies":[{"name":"wp","href":"https:\/\/api.w.org\/{rel}","templated":true}]}}